{"id":1,"date":"2019-03-08T18:12:15","date_gmt":"2019-03-08T18:12:15","guid":{"rendered":"http:\/\/fv-emg.usimon.de\/?p=1"},"modified":"2019-03-09T13:52:43","modified_gmt":"2019-03-09T12:52:43","slug":"hello-world","status":"publish","type":"post","link":"https:\/\/www.foerderverein-emg.de\/?p=1","title":{"rendered":"Herzlich Willkommen"},"content":{"rendered":"\n<p>Wir begr\u00fc\u00dfen Sie herzlich auf der Homepage des &#8222;Vereins der Freunde und F\u00f6rderer des Ernst-Mach-Gymnasiums H\u00fcrth&#8220;.<br> Hier haben wir f\u00fcr Sie alle Informationen \u00fcber den F\u00f6rderverein des EMG zusammen getragen.Wir w\u00fcnschen Ihnen viel Spa\u00df beim Entdecken der vielf\u00e4ltigen Projekte und Ideen, die wir &#8222;engagiert, motiviert und gemeinsam&#8220; umsetzen, um das Lernen und Leben am EMG f\u00fcr Sch\u00fcler, Lehrer und Eltern attraktiver zu gestalten. <\/p>\n\n\n\n<figure class=\"wp-block-image\"><img loading=\"lazy\" decoding=\"async\" width=\"920\" height=\"240\" src=\"http:\/\/fv-emg.usimon.de\/wp-content\/uploads\/2019\/03\/emotionheader-1.jpg\" alt=\"\" class=\"wp-image-10\" srcset=\"https:\/\/www.foerderverein-emg.de\/wp-content\/uploads\/2019\/03\/emotionheader-1.jpg 920w, https:\/\/www.foerderverein-emg.de\/wp-content\/uploads\/2019\/03\/emotionheader-1-350x91.jpg 350w, https:\/\/www.foerderverein-emg.de\/wp-content\/uploads\/2019\/03\/emotionheader-1-300x78.jpg 300w, https:\/\/www.foerderverein-emg.de\/wp-content\/uploads\/2019\/03\/emotionheader-1-768x200.jpg 768w\" sizes=\"auto, (max-width: 767px) 89vw, (max-width: 1000px) 54vw, (max-width: 1071px) 543px, 580px\" \/><\/figure>\n","protected":false},"excerpt":{"rendered":"<p>Wir begr\u00fc\u00dfen Sie herzlich auf der Homepage des &#8222;Vereins der Freunde und F\u00f6rderer des Ernst-Mach-Gymnasiums H\u00fcrth&#8220;. Hier haben wir f\u00fcr Sie alle Informationen \u00fcber den F\u00f6rderverein des EMG zusammen getragen.Wir w\u00fcnschen Ihnen viel Spa\u00df beim Entdecken der vielf\u00e4ltigen Projekte und Ideen, die wir &#8222;engagiert, motiviert und gemeinsam&#8220; umsetzen, um das Lernen und Leben am EMG &hellip; <\/p>\n<p class=\"link-more\"><a href=\"https:\/\/www.foerderverein-emg.de\/?p=1\" class=\"more-link\"><span class=\"screen-reader-text\">\u201eHerzlich Willkommen\u201c <\/span>weiterlesen<\/a><\/p>\n","protected":false},"author":1,"featured_media":0,"comment_status":"open","ping_status":"open","sticky":false,"template":"","format":"standard","meta":{"footnotes":""},"categories":[1],"tags":[],"class_list":["post-1","post","type-post","status-publish","format-standard","hentry","category-uncategorized"],"_links":{"self":[{"href":"https:\/\/www.foerderverein-emg.de\/index.php?rest_route=\/wp\/v2\/posts\/1","targetHints":{"allow":["GET"]}}],"collection":[{"href":"https:\/\/www.foerderverein-emg.de\/index.php?rest_route=\/wp\/v2\/posts"}],"about":[{"href":"https:\/\/www.foerderverein-emg.de\/index.php?rest_route=\/wp\/v2\/types\/post"}],"author":[{"embeddable":true,"href":"https:\/\/www.foerderverein-emg.de\/index.php?rest_route=\/wp\/v2\/users\/1"}],"replies":[{"embeddable":true,"href":"https:\/\/www.foerderverein-emg.de\/index.php?rest_route=%2Fwp%2Fv2%2Fcomments&post=1"}],"version-history":[{"count":3,"href":"https:\/\/www.foerderverein-emg.de\/index.php?rest_route=\/wp\/v2\/posts\/1\/revisions"}],"predecessor-version":[{"id":227,"href":"https:\/\/www.foerderverein-emg.de\/index.php?rest_route=\/wp\/v2\/posts\/1\/revisions\/227"}],"wp:attachment":[{"href":"https:\/\/www.foerderverein-emg.de\/index.php?rest_route=%2Fwp%2Fv2%2Fmedia&parent=1"}],"wp:term":[{"taxonomy":"category","embeddable":true,"href":"https:\/\/www.foerderverein-emg.de\/index.php?rest_route=%2Fwp%2Fv2%2Fcategories&post=1"},{"taxonomy":"post_tag","embeddable":true,"href":"https:\/\/www.foerderverein-emg.de\/index.php?rest_route=%2Fwp%2Fv2%2Ftags&post=1"}],"curies":[{"name":"wp","href":"https:\/\/api.w.org\/{rel}","templated":true}]}}