{"id":1641,"date":"2023-07-31T20:16:32","date_gmt":"2023-07-31T18:16:32","guid":{"rendered":"https:\/\/www.foerderverein-emg.de\/?p=1641"},"modified":"2023-09-04T20:18:54","modified_gmt":"2023-09-04T18:18:54","slug":"schliessfaecher-im-d-gebaeude","status":"publish","type":"post","link":"https:\/\/www.foerderverein-emg.de\/?p=1641","title":{"rendered":"Schlie\u00dff\u00e4cher im D-Geb\u00e4ude"},"content":{"rendered":"\n<div class=\"wp-block-media-text is-stacked-on-mobile\" style=\"grid-template-columns:36% auto\"><figure class=\"wp-block-media-text__media\"><img loading=\"lazy\" decoding=\"async\" width=\"542\" height=\"864\" src=\"https:\/\/www.foerderverein-emg.de\/wp-content\/uploads\/2023\/09\/Bild-04.09.23-um-20.08.jpeg\" alt=\"\" class=\"wp-image-1642 size-full\" srcset=\"https:\/\/www.foerderverein-emg.de\/wp-content\/uploads\/2023\/09\/Bild-04.09.23-um-20.08.jpeg 542w, https:\/\/www.foerderverein-emg.de\/wp-content\/uploads\/2023\/09\/Bild-04.09.23-um-20.08-188x300.jpeg 188w, https:\/\/www.foerderverein-emg.de\/wp-content\/uploads\/2023\/09\/Bild-04.09.23-um-20.08-350x558.jpeg 350w\" sizes=\"auto, (max-width: 542px) 100vw, 542px\" \/><\/figure><div class=\"wp-block-media-text__content\">\n<p style=\"font-size:14px\">Der F\u00f6rderverein bietet vor allem der Oberstufe die Miete eines Schlie\u00dffaches im Eingangsbereich von Bauteil D an. <br>Der Mietvertrag ist im Downloadbereich hinterlegt.<\/p>\n<\/div><\/div>\n","protected":false},"excerpt":{"rendered":"<p>Der F\u00f6rderverein bietet vor allem der Oberstufe die Miete eines Schlie\u00dffaches im Eingangsbereich von Bauteil D an. Der Mietvertrag ist im Downloadbereich hinterlegt.<\/p>\n","protected":false},"author":3,"featured_media":0,"comment_status":"open","ping_status":"open","sticky":false,"template":"","format":"standard","meta":{"footnotes":""},"categories":[1],"tags":[],"class_list":["post-1641","post","type-post","status-publish","format-standard","hentry","category-uncategorized"],"_links":{"self":[{"href":"https:\/\/www.foerderverein-emg.de\/index.php?rest_route=\/wp\/v2\/posts\/1641","targetHints":{"allow":["GET"]}}],"collection":[{"href":"https:\/\/www.foerderverein-emg.de\/index.php?rest_route=\/wp\/v2\/posts"}],"about":[{"href":"https:\/\/www.foerderverein-emg.de\/index.php?rest_route=\/wp\/v2\/types\/post"}],"author":[{"embeddable":true,"href":"https:\/\/www.foerderverein-emg.de\/index.php?rest_route=\/wp\/v2\/users\/3"}],"replies":[{"embeddable":true,"href":"https:\/\/www.foerderverein-emg.de\/index.php?rest_route=%2Fwp%2Fv2%2Fcomments&post=1641"}],"version-history":[{"count":1,"href":"https:\/\/www.foerderverein-emg.de\/index.php?rest_route=\/wp\/v2\/posts\/1641\/revisions"}],"predecessor-version":[{"id":1643,"href":"https:\/\/www.foerderverein-emg.de\/index.php?rest_route=\/wp\/v2\/posts\/1641\/revisions\/1643"}],"wp:attachment":[{"href":"https:\/\/www.foerderverein-emg.de\/index.php?rest_route=%2Fwp%2Fv2%2Fmedia&parent=1641"}],"wp:term":[{"taxonomy":"category","embeddable":true,"href":"https:\/\/www.foerderverein-emg.de\/index.php?rest_route=%2Fwp%2Fv2%2Fcategories&post=1641"},{"taxonomy":"post_tag","embeddable":true,"href":"https:\/\/www.foerderverein-emg.de\/index.php?rest_route=%2Fwp%2Fv2%2Ftags&post=1641"}],"curies":[{"name":"wp","href":"https:\/\/api.w.org\/{rel}","templated":true}]}}