{"id":1904,"date":"2024-05-30T17:37:55","date_gmt":"2024-05-30T15:37:55","guid":{"rendered":"https:\/\/www.foerderverein-emg.de\/?p=1904"},"modified":"2024-06-05T17:45:27","modified_gmt":"2024-06-05T15:45:27","slug":"schueler-garten-ag","status":"publish","type":"post","link":"https:\/\/www.foerderverein-emg.de\/?p=1904","title":{"rendered":"Sch\u00fcler-Garten-AG"},"content":{"rendered":"\n<div class=\"wp-block-media-text is-stacked-on-mobile\" style=\"grid-template-columns:36% auto\"><figure class=\"wp-block-media-text__media\"><img loading=\"lazy\" decoding=\"async\" width=\"640\" height=\"480\" src=\"https:\/\/www.foerderverein-emg.de\/wp-content\/uploads\/2024\/06\/IMG_4449.jpeg\" alt=\"\" class=\"wp-image-1905 size-full\" srcset=\"https:\/\/www.foerderverein-emg.de\/wp-content\/uploads\/2024\/06\/IMG_4449.jpeg 640w, https:\/\/www.foerderverein-emg.de\/wp-content\/uploads\/2024\/06\/IMG_4449-300x225.jpeg 300w, https:\/\/www.foerderverein-emg.de\/wp-content\/uploads\/2024\/06\/IMG_4449-350x263.jpeg 350w\" sizes=\"auto, (max-width: 640px) 100vw, 640px\" \/><\/figure><div class=\"wp-block-media-text__content\">\n<p style=\"font-size:14px\">Den mit viel Liebe und gr\u00fcnem Daumen eingerichteten Sch\u00fcler-Garten unterst\u00fctzen wir bei der Erstausstattung. In den Pfanzt\u00f6pfen, den Anzuchtstationen und dem Hochbeet werden Obst, Kr\u00e4uter, Gem\u00fcse und Salate von der Garten-AG aufgezogen. Die erste Ernte von Minigurken konnte bereits erfolgen.<\/p>\n<\/div><\/div>\n","protected":false},"excerpt":{"rendered":"<p>Den mit viel Liebe und gr\u00fcnem Daumen eingerichteten Sch\u00fcler-Garten unterst\u00fctzen wir bei der Erstausstattung. In den Pfanzt\u00f6pfen, den Anzuchtstationen und dem Hochbeet werden Obst, Kr\u00e4uter, Gem\u00fcse und Salate von der Garten-AG aufgezogen. Die erste Ernte von Minigurken konnte bereits erfolgen.<\/p>\n","protected":false},"author":3,"featured_media":0,"comment_status":"open","ping_status":"open","sticky":false,"template":"","format":"standard","meta":{"footnotes":""},"categories":[1],"tags":[],"class_list":["post-1904","post","type-post","status-publish","format-standard","hentry","category-uncategorized"],"_links":{"self":[{"href":"https:\/\/www.foerderverein-emg.de\/index.php?rest_route=\/wp\/v2\/posts\/1904","targetHints":{"allow":["GET"]}}],"collection":[{"href":"https:\/\/www.foerderverein-emg.de\/index.php?rest_route=\/wp\/v2\/posts"}],"about":[{"href":"https:\/\/www.foerderverein-emg.de\/index.php?rest_route=\/wp\/v2\/types\/post"}],"author":[{"embeddable":true,"href":"https:\/\/www.foerderverein-emg.de\/index.php?rest_route=\/wp\/v2\/users\/3"}],"replies":[{"embeddable":true,"href":"https:\/\/www.foerderverein-emg.de\/index.php?rest_route=%2Fwp%2Fv2%2Fcomments&post=1904"}],"version-history":[{"count":4,"href":"https:\/\/www.foerderverein-emg.de\/index.php?rest_route=\/wp\/v2\/posts\/1904\/revisions"}],"predecessor-version":[{"id":1909,"href":"https:\/\/www.foerderverein-emg.de\/index.php?rest_route=\/wp\/v2\/posts\/1904\/revisions\/1909"}],"wp:attachment":[{"href":"https:\/\/www.foerderverein-emg.de\/index.php?rest_route=%2Fwp%2Fv2%2Fmedia&parent=1904"}],"wp:term":[{"taxonomy":"category","embeddable":true,"href":"https:\/\/www.foerderverein-emg.de\/index.php?rest_route=%2Fwp%2Fv2%2Fcategories&post=1904"},{"taxonomy":"post_tag","embeddable":true,"href":"https:\/\/www.foerderverein-emg.de\/index.php?rest_route=%2Fwp%2Fv2%2Ftags&post=1904"}],"curies":[{"name":"wp","href":"https:\/\/api.w.org\/{rel}","templated":true}]}}