{"id":2226,"date":"2025-03-13T10:18:29","date_gmt":"2025-03-13T09:18:29","guid":{"rendered":"https:\/\/www.foerderverein-emg.de\/?p=2226"},"modified":"2025-03-17T10:27:27","modified_gmt":"2025-03-17T09:27:27","slug":"jahreshauptversammlung-2025","status":"publish","type":"post","link":"https:\/\/www.foerderverein-emg.de\/?p=2226","title":{"rendered":"Jahreshauptversammlung 2025"},"content":{"rendered":"\n<div class=\"wp-block-media-text is-stacked-on-mobile\" style=\"grid-template-columns:30% auto\"><figure class=\"wp-block-media-text__media\"><img loading=\"lazy\" decoding=\"async\" width=\"1024\" height=\"1024\" src=\"https:\/\/www.foerderverein-emg.de\/wp-content\/uploads\/2020\/11\/Logo_FV-EMG-3-1024x1024.jpg\" alt=\"\" class=\"wp-image-406 size-full\" srcset=\"https:\/\/www.foerderverein-emg.de\/wp-content\/uploads\/2020\/11\/Logo_FV-EMG-3-1024x1024.jpg 1024w, https:\/\/www.foerderverein-emg.de\/wp-content\/uploads\/2020\/11\/Logo_FV-EMG-3-250x250.jpg 250w, https:\/\/www.foerderverein-emg.de\/wp-content\/uploads\/2020\/11\/Logo_FV-EMG-3-100x100.jpg 100w, https:\/\/www.foerderverein-emg.de\/wp-content\/uploads\/2020\/11\/Logo_FV-EMG-3-350x350.jpg 350w, https:\/\/www.foerderverein-emg.de\/wp-content\/uploads\/2020\/11\/Logo_FV-EMG-3-300x300.jpg 300w, https:\/\/www.foerderverein-emg.de\/wp-content\/uploads\/2020\/11\/Logo_FV-EMG-3-150x150.jpg 150w, https:\/\/www.foerderverein-emg.de\/wp-content\/uploads\/2020\/11\/Logo_FV-EMG-3-768x768.jpg 768w, https:\/\/www.foerderverein-emg.de\/wp-content\/uploads\/2020\/11\/Logo_FV-EMG-3.jpg 1181w\" sizes=\"auto, (max-width: 767px) 89vw, (max-width: 1000px) 54vw, (max-width: 1071px) 543px, 580px\" \/><\/figure><div class=\"wp-block-media-text__content\">\n<p style=\"font-size:14px\">Am Donnerstag, den 27.03.2025 findet ab 19:00 Uhr die Jahreshauptversammlung des Vereines im Besprechungsraum B007 des Ernst Mach Gymnasium H\u00fcrth, Bonnstra\u00dfe 64-66 in H\u00fcrth statt.<br>Wir hoffen auf zahlreiches Erscheinen.<\/p>\n<\/div><\/div>\n","protected":false},"excerpt":{"rendered":"<p>Am Donnerstag, den 27.03.2025 findet ab 19:00 Uhr die Jahreshauptversammlung des Vereines im Besprechungsraum B007 des Ernst Mach Gymnasium H\u00fcrth, Bonnstra\u00dfe 64-66 in H\u00fcrth statt.Wir hoffen auf zahlreiches Erscheinen.<\/p>\n","protected":false},"author":3,"featured_media":0,"comment_status":"open","ping_status":"open","sticky":false,"template":"","format":"standard","meta":{"footnotes":""},"categories":[1],"tags":[],"class_list":["post-2226","post","type-post","status-publish","format-standard","hentry","category-uncategorized"],"_links":{"self":[{"href":"https:\/\/www.foerderverein-emg.de\/index.php?rest_route=\/wp\/v2\/posts\/2226","targetHints":{"allow":["GET"]}}],"collection":[{"href":"https:\/\/www.foerderverein-emg.de\/index.php?rest_route=\/wp\/v2\/posts"}],"about":[{"href":"https:\/\/www.foerderverein-emg.de\/index.php?rest_route=\/wp\/v2\/types\/post"}],"author":[{"embeddable":true,"href":"https:\/\/www.foerderverein-emg.de\/index.php?rest_route=\/wp\/v2\/users\/3"}],"replies":[{"embeddable":true,"href":"https:\/\/www.foerderverein-emg.de\/index.php?rest_route=%2Fwp%2Fv2%2Fcomments&post=2226"}],"version-history":[{"count":3,"href":"https:\/\/www.foerderverein-emg.de\/index.php?rest_route=\/wp\/v2\/posts\/2226\/revisions"}],"predecessor-version":[{"id":2229,"href":"https:\/\/www.foerderverein-emg.de\/index.php?rest_route=\/wp\/v2\/posts\/2226\/revisions\/2229"}],"wp:attachment":[{"href":"https:\/\/www.foerderverein-emg.de\/index.php?rest_route=%2Fwp%2Fv2%2Fmedia&parent=2226"}],"wp:term":[{"taxonomy":"category","embeddable":true,"href":"https:\/\/www.foerderverein-emg.de\/index.php?rest_route=%2Fwp%2Fv2%2Fcategories&post=2226"},{"taxonomy":"post_tag","embeddable":true,"href":"https:\/\/www.foerderverein-emg.de\/index.php?rest_route=%2Fwp%2Fv2%2Ftags&post=2226"}],"curies":[{"name":"wp","href":"https:\/\/api.w.org\/{rel}","templated":true}]}}