{"id":3115,"date":"2025-08-27T17:16:23","date_gmt":"2025-08-27T15:16:23","guid":{"rendered":"https:\/\/www.foerderverein-emg.de\/?p=3115"},"modified":"2025-10-28T22:53:16","modified_gmt":"2025-10-28T21:53:16","slug":"moebel-fuer-den-ganztag","status":"publish","type":"post","link":"https:\/\/www.foerderverein-emg.de\/?p=3115","title":{"rendered":"M\u00f6bel f\u00fcr den Ganztag"},"content":{"rendered":"\n<div class=\"wp-block-media-text is-stacked-on-mobile\" style=\"grid-template-columns:32% auto\"><figure class=\"wp-block-media-text__media\"><img loading=\"lazy\" decoding=\"async\" width=\"768\" height=\"1024\" src=\"https:\/\/www.foerderverein-emg.de\/wp-content\/uploads\/2025\/06\/IMG_5346-768x1024.jpeg\" alt=\"\" class=\"wp-image-3143 size-full\" srcset=\"https:\/\/www.foerderverein-emg.de\/wp-content\/uploads\/2025\/06\/IMG_5346-768x1024.jpeg 768w, https:\/\/www.foerderverein-emg.de\/wp-content\/uploads\/2025\/06\/IMG_5346-225x300.jpeg 225w, https:\/\/www.foerderverein-emg.de\/wp-content\/uploads\/2025\/06\/IMG_5346-1152x1536.jpeg 1152w, https:\/\/www.foerderverein-emg.de\/wp-content\/uploads\/2025\/06\/IMG_5346-1536x2048.jpeg 1536w, https:\/\/www.foerderverein-emg.de\/wp-content\/uploads\/2025\/06\/IMG_5346-350x467.jpeg 350w, https:\/\/www.foerderverein-emg.de\/wp-content\/uploads\/2025\/06\/IMG_5346-scaled.jpeg 1920w\" sizes=\"auto, (max-width: 767px) 89vw, (max-width: 1000px) 54vw, (max-width: 1071px) 543px, 580px\" \/><\/figure><div class=\"wp-block-media-text__content\">\n<p style=\"font-size:14px\">Der F\u00f6rderverein unterst\u00fctzt die Beschaffung von bequemen Sofas f\u00fcr den neunen Ganztagraum, die den Sch\u00fclerinnen und Sch\u00fclern zum Entspannen, Ausruhen oder Unterhalten zwischen oder nach dem Unterricht dienen sollen.<\/p>\n<\/div><\/div>\n","protected":false},"excerpt":{"rendered":"<p>Der F\u00f6rderverein unterst\u00fctzt die Beschaffung von bequemen Sofas f\u00fcr den neunen Ganztagraum, die den Sch\u00fclerinnen und Sch\u00fclern zum Entspannen, Ausruhen oder Unterhalten zwischen oder nach dem Unterricht dienen sollen.<\/p>\n","protected":false},"author":3,"featured_media":0,"comment_status":"open","ping_status":"open","sticky":false,"template":"","format":"standard","meta":{"footnotes":""},"categories":[1],"tags":[],"class_list":["post-3115","post","type-post","status-publish","format-standard","hentry","category-uncategorized"],"_links":{"self":[{"href":"https:\/\/www.foerderverein-emg.de\/index.php?rest_route=\/wp\/v2\/posts\/3115","targetHints":{"allow":["GET"]}}],"collection":[{"href":"https:\/\/www.foerderverein-emg.de\/index.php?rest_route=\/wp\/v2\/posts"}],"about":[{"href":"https:\/\/www.foerderverein-emg.de\/index.php?rest_route=\/wp\/v2\/types\/post"}],"author":[{"embeddable":true,"href":"https:\/\/www.foerderverein-emg.de\/index.php?rest_route=\/wp\/v2\/users\/3"}],"replies":[{"embeddable":true,"href":"https:\/\/www.foerderverein-emg.de\/index.php?rest_route=%2Fwp%2Fv2%2Fcomments&post=3115"}],"version-history":[{"count":1,"href":"https:\/\/www.foerderverein-emg.de\/index.php?rest_route=\/wp\/v2\/posts\/3115\/revisions"}],"predecessor-version":[{"id":3144,"href":"https:\/\/www.foerderverein-emg.de\/index.php?rest_route=\/wp\/v2\/posts\/3115\/revisions\/3144"}],"wp:attachment":[{"href":"https:\/\/www.foerderverein-emg.de\/index.php?rest_route=%2Fwp%2Fv2%2Fmedia&parent=3115"}],"wp:term":[{"taxonomy":"category","embeddable":true,"href":"https:\/\/www.foerderverein-emg.de\/index.php?rest_route=%2Fwp%2Fv2%2Fcategories&post=3115"},{"taxonomy":"post_tag","embeddable":true,"href":"https:\/\/www.foerderverein-emg.de\/index.php?rest_route=%2Fwp%2Fv2%2Ftags&post=3115"}],"curies":[{"name":"wp","href":"https:\/\/api.w.org\/{rel}","templated":true}]}}