{"id":676,"date":"2021-10-21T23:03:03","date_gmt":"2021-10-21T21:03:03","guid":{"rendered":"https:\/\/www.foerderverein-emg.de\/?p=676"},"modified":"2021-11-27T20:47:46","modified_gmt":"2021-11-27T19:47:46","slug":"virtueller-tag-der-offenen-tuer-2021-22","status":"publish","type":"post","link":"https:\/\/www.foerderverein-emg.de\/?p=676","title":{"rendered":"Virtueller Tag der offenen T\u00fcr 2021\/22"},"content":{"rendered":"\n<div class=\"wp-block-media-text alignwide is-stacked-on-mobile\" style=\"grid-template-columns:28% auto\"><figure class=\"wp-block-media-text__media\"><img loading=\"lazy\" decoding=\"async\" width=\"1024\" height=\"579\" src=\"https:\/\/www.foerderverein-emg.de\/wp-content\/uploads\/2021\/10\/Bildschirmfoto-2021-10-21-um-22.14.57-1024x579.png\" alt=\"\" class=\"wp-image-682 size-full\" srcset=\"https:\/\/www.foerderverein-emg.de\/wp-content\/uploads\/2021\/10\/Bildschirmfoto-2021-10-21-um-22.14.57-1024x579.png 1024w, https:\/\/www.foerderverein-emg.de\/wp-content\/uploads\/2021\/10\/Bildschirmfoto-2021-10-21-um-22.14.57-350x198.png 350w, https:\/\/www.foerderverein-emg.de\/wp-content\/uploads\/2021\/10\/Bildschirmfoto-2021-10-21-um-22.14.57-300x170.png 300w, https:\/\/www.foerderverein-emg.de\/wp-content\/uploads\/2021\/10\/Bildschirmfoto-2021-10-21-um-22.14.57-768x435.png 768w, https:\/\/www.foerderverein-emg.de\/wp-content\/uploads\/2021\/10\/Bildschirmfoto-2021-10-21-um-22.14.57.png 1078w\" sizes=\"auto, (max-width: 767px) 89vw, (max-width: 1000px) 54vw, (max-width: 1071px) 543px, 580px\" \/><\/figure><div class=\"wp-block-media-text__content\">\n<p style=\"font-size:14px\">Wegen der gro\u00dfen Aufmerksamkeit im letzten Jahr plant die Schule erg\u00e4nzend zum Tag der offenen T\u00fcr wieder einen zus\u00e4tzlichen Online-Auftritt <br>(\u201eERNST MACHt auf\u201c).\u00a0<br>Der Kauf einer Lizenz wird dieses Jahr zum gr\u00f6\u00dften Teil mit Hilfe des F\u00f6rdervereins und seiner Sponsoren m\u00f6glich.<br>Im n\u00e4chsten Jahr soll der Online-Auftritt gemeinsam mit einer Arbeitsgruppe aus SuS, F\u00f6rderverein und Lehrkr\u00e4ften selbst entwickelt und gestaltet werden.<\/p>\n<\/div><\/div>\n","protected":false},"excerpt":{"rendered":"<p>Wegen der gro\u00dfen Aufmerksamkeit im letzten Jahr plant die Schule erg\u00e4nzend zum Tag der offenen T\u00fcr wieder einen zus\u00e4tzlichen Online-Auftritt (\u201eERNST MACHt auf\u201c).\u00a0Der Kauf einer Lizenz wird dieses Jahr zum gr\u00f6\u00dften Teil mit Hilfe des F\u00f6rdervereins und seiner Sponsoren m\u00f6glich.Im n\u00e4chsten Jahr soll der Online-Auftritt gemeinsam mit einer Arbeitsgruppe aus SuS, F\u00f6rderverein und Lehrkr\u00e4ften selbst &hellip; <\/p>\n<p class=\"link-more\"><a href=\"https:\/\/www.foerderverein-emg.de\/?p=676\" class=\"more-link\"><span class=\"screen-reader-text\">\u201eVirtueller Tag der offenen T\u00fcr 2021\/22\u201c <\/span>weiterlesen<\/a><\/p>\n","protected":false},"author":3,"featured_media":0,"comment_status":"open","ping_status":"open","sticky":false,"template":"","format":"standard","meta":{"footnotes":""},"categories":[1],"tags":[],"class_list":["post-676","post","type-post","status-publish","format-standard","hentry","category-uncategorized"],"_links":{"self":[{"href":"https:\/\/www.foerderverein-emg.de\/index.php?rest_route=\/wp\/v2\/posts\/676","targetHints":{"allow":["GET"]}}],"collection":[{"href":"https:\/\/www.foerderverein-emg.de\/index.php?rest_route=\/wp\/v2\/posts"}],"about":[{"href":"https:\/\/www.foerderverein-emg.de\/index.php?rest_route=\/wp\/v2\/types\/post"}],"author":[{"embeddable":true,"href":"https:\/\/www.foerderverein-emg.de\/index.php?rest_route=\/wp\/v2\/users\/3"}],"replies":[{"embeddable":true,"href":"https:\/\/www.foerderverein-emg.de\/index.php?rest_route=%2Fwp%2Fv2%2Fcomments&post=676"}],"version-history":[{"count":12,"href":"https:\/\/www.foerderverein-emg.de\/index.php?rest_route=\/wp\/v2\/posts\/676\/revisions"}],"predecessor-version":[{"id":722,"href":"https:\/\/www.foerderverein-emg.de\/index.php?rest_route=\/wp\/v2\/posts\/676\/revisions\/722"}],"wp:attachment":[{"href":"https:\/\/www.foerderverein-emg.de\/index.php?rest_route=%2Fwp%2Fv2%2Fmedia&parent=676"}],"wp:term":[{"taxonomy":"category","embeddable":true,"href":"https:\/\/www.foerderverein-emg.de\/index.php?rest_route=%2Fwp%2Fv2%2Fcategories&post=676"},{"taxonomy":"post_tag","embeddable":true,"href":"https:\/\/www.foerderverein-emg.de\/index.php?rest_route=%2Fwp%2Fv2%2Ftags&post=676"}],"curies":[{"name":"wp","href":"https:\/\/api.w.org\/{rel}","templated":true}]}}